{"id":5344,"date":"2026-01-07T15:37:45","date_gmt":"2026-01-07T15:37:45","guid":{"rendered":"https:\/\/www.sonria.cl\/sitio\/?p=5344"},"modified":"2026-01-29T20:54:44","modified_gmt":"2026-01-29T20:54:44","slug":"isla-de-la-fantasia","status":"publish","type":"post","link":"http:\/\/www.sonria.cl\/sitio\/isla-de-la-fantasia\/","title":{"rendered":"la isla de la fantas\u00eda"},"content":{"rendered":"\n<figure class=\"wp-block-gallery alignwide has-nested-images columns-3 wp-block-gallery-1 is-layout-flex wp-block-gallery-is-layout-flex\">\n<figure class=\"wp-block-image size-full\"><img loading=\"lazy\" decoding=\"async\" width=\"900\" height=\"1350\" data-id=\"5346\" src=\"https:\/\/www.sonria.cl\/sitio\/wp-content\/uploads\/2026\/01\/isla_01.jpg\" alt=\"\" class=\"wp-image-5346\" srcset=\"http:\/\/www.sonria.cl\/sitio\/wp-content\/uploads\/2026\/01\/isla_01.jpg 900w, http:\/\/www.sonria.cl\/sitio\/wp-content\/uploads\/2026\/01\/isla_01-200x300.jpg 200w, http:\/\/www.sonria.cl\/sitio\/wp-content\/uploads\/2026\/01\/isla_01-683x1024.jpg 683w\" sizes=\"auto, (max-width: 900px) 100vw, 900px\" \/><\/figure>\n\n\n\n<figure class=\"wp-block-image size-full\"><img loading=\"lazy\" decoding=\"async\" width=\"900\" height=\"1350\" data-id=\"5347\" src=\"https:\/\/www.sonria.cl\/sitio\/wp-content\/uploads\/2026\/01\/isla_02.jpg\" alt=\"\" class=\"wp-image-5347\" srcset=\"http:\/\/www.sonria.cl\/sitio\/wp-content\/uploads\/2026\/01\/isla_02.jpg 900w, http:\/\/www.sonria.cl\/sitio\/wp-content\/uploads\/2026\/01\/isla_02-200x300.jpg 200w, http:\/\/www.sonria.cl\/sitio\/wp-content\/uploads\/2026\/01\/isla_02-683x1024.jpg 683w\" sizes=\"auto, (max-width: 900px) 100vw, 900px\" \/><\/figure>\n\n\n\n<figure class=\"wp-block-image size-full\"><img loading=\"lazy\" decoding=\"async\" width=\"900\" height=\"1350\" data-id=\"5348\" src=\"https:\/\/www.sonria.cl\/sitio\/wp-content\/uploads\/2026\/01\/isla_03.jpg\" alt=\"\" class=\"wp-image-5348\" srcset=\"http:\/\/www.sonria.cl\/sitio\/wp-content\/uploads\/2026\/01\/isla_03.jpg 900w, http:\/\/www.sonria.cl\/sitio\/wp-content\/uploads\/2026\/01\/isla_03-200x300.jpg 200w, http:\/\/www.sonria.cl\/sitio\/wp-content\/uploads\/2026\/01\/isla_03-683x1024.jpg 683w\" sizes=\"auto, (max-width: 900px) 100vw, 900px\" \/><\/figure>\n<\/figure>\n\n\n\n<figure class=\"wp-block-image alignwide size-large\"><img loading=\"lazy\" decoding=\"async\" width=\"1024\" height=\"683\" src=\"http:\/\/www.sonria.cl\/sitio\/wp-content\/uploads\/2026\/01\/isla_04-1024x683.jpg\" alt=\"\" class=\"wp-image-5349\" srcset=\"http:\/\/www.sonria.cl\/sitio\/wp-content\/uploads\/2026\/01\/isla_04-1024x683.jpg 1024w, http:\/\/www.sonria.cl\/sitio\/wp-content\/uploads\/2026\/01\/isla_04-300x200.jpg 300w, http:\/\/www.sonria.cl\/sitio\/wp-content\/uploads\/2026\/01\/isla_04-1536x1024.jpg 1536w, http:\/\/www.sonria.cl\/sitio\/wp-content\/uploads\/2026\/01\/isla_04-1080x720.jpg 1080w, http:\/\/www.sonria.cl\/sitio\/wp-content\/uploads\/2026\/01\/isla_04.jpg 1920w\" sizes=\"auto, (max-width: 1024px) 100vw, 1024px\" \/><\/figure>\n\n\n\n<figure class=\"wp-block-image alignwide size-full\"><img loading=\"lazy\" decoding=\"async\" width=\"1920\" height=\"1280\" src=\"https:\/\/www.sonria.cl\/sitio\/wp-content\/uploads\/2026\/01\/isla_00.jpg\" alt=\"\" class=\"wp-image-5345\" srcset=\"http:\/\/www.sonria.cl\/sitio\/wp-content\/uploads\/2026\/01\/isla_00.jpg 1920w, http:\/\/www.sonria.cl\/sitio\/wp-content\/uploads\/2026\/01\/isla_00-300x200.jpg 300w, http:\/\/www.sonria.cl\/sitio\/wp-content\/uploads\/2026\/01\/isla_00-1024x683.jpg 1024w, http:\/\/www.sonria.cl\/sitio\/wp-content\/uploads\/2026\/01\/isla_00-1536x1024.jpg 1536w, http:\/\/www.sonria.cl\/sitio\/wp-content\/uploads\/2026\/01\/isla_00-1080x720.jpg 1080w\" sizes=\"auto, (max-width: 1920px) 100vw, 1920px\" \/><\/figure>\n\n\n\n<p class=\"has-text-align-center\">Hist\u00f3rica agrupaci\u00f3n de boleros y cueca porte\u00f1a La Isla de Valpara\u00edso.<br><strong>Fotos: <\/strong>Raiza Vera Ugas<\/p>\n","protected":false},"excerpt":{"rendered":"<p>Hist\u00f3rica agrupaci\u00f3n de boleros y cueca porte\u00f1a La Isla de Valpara\u00edso.Fotos: Raiza Vera Ugas<\/p>\n","protected":false},"author":1,"featured_media":5345,"comment_status":"closed","ping_status":"closed","sticky":false,"template":"","format":"standard","meta":{"cybocfi_hide_featured_image":"yes","footnotes":""},"categories":[57,4],"tags":[46],"class_list":["post-5344","post","type-post","status-publish","format-standard","has-post-thumbnail","hentry","category-artistas","category-fotografia","tag-raiza-vera-ugas-2"],"_links":{"self":[{"href":"http:\/\/www.sonria.cl\/sitio\/wp-json\/wp\/v2\/posts\/5344","targetHints":{"allow":["GET"]}}],"collection":[{"href":"http:\/\/www.sonria.cl\/sitio\/wp-json\/wp\/v2\/posts"}],"about":[{"href":"http:\/\/www.sonria.cl\/sitio\/wp-json\/wp\/v2\/types\/post"}],"author":[{"embeddable":true,"href":"http:\/\/www.sonria.cl\/sitio\/wp-json\/wp\/v2\/users\/1"}],"replies":[{"embeddable":true,"href":"http:\/\/www.sonria.cl\/sitio\/wp-json\/wp\/v2\/comments?post=5344"}],"version-history":[{"count":4,"href":"http:\/\/www.sonria.cl\/sitio\/wp-json\/wp\/v2\/posts\/5344\/revisions"}],"predecessor-version":[{"id":5478,"href":"http:\/\/www.sonria.cl\/sitio\/wp-json\/wp\/v2\/posts\/5344\/revisions\/5478"}],"wp:featuredmedia":[{"embeddable":true,"href":"http:\/\/www.sonria.cl\/sitio\/wp-json\/wp\/v2\/media\/5345"}],"wp:attachment":[{"href":"http:\/\/www.sonria.cl\/sitio\/wp-json\/wp\/v2\/media?parent=5344"}],"wp:term":[{"taxonomy":"category","embeddable":true,"href":"http:\/\/www.sonria.cl\/sitio\/wp-json\/wp\/v2\/categories?post=5344"},{"taxonomy":"post_tag","embeddable":true,"href":"http:\/\/www.sonria.cl\/sitio\/wp-json\/wp\/v2\/tags?post=5344"}],"curies":[{"name":"wp","href":"https:\/\/api.w.org\/{rel}","templated":true}]}}