{"id":5578,"date":"2026-02-12T18:35:09","date_gmt":"2026-02-12T18:35:09","guid":{"rendered":"https:\/\/www.sonria.cl\/sitio\/?p=5578"},"modified":"2026-02-12T18:37:41","modified_gmt":"2026-02-12T18:37:41","slug":"rio-conay","status":"publish","type":"post","link":"http:\/\/www.sonria.cl\/sitio\/rio-conay\/","title":{"rendered":"rio conay"},"content":{"rendered":"\n<figure class=\"wp-block-image size-full\"><img loading=\"lazy\" decoding=\"async\" width=\"1920\" height=\"1375\" src=\"https:\/\/www.sonria.cl\/sitio\/wp-content\/uploads\/2026\/02\/conay.jpg\" alt=\"\" class=\"wp-image-5579\" srcset=\"http:\/\/www.sonria.cl\/sitio\/wp-content\/uploads\/2026\/02\/conay.jpg 1920w, http:\/\/www.sonria.cl\/sitio\/wp-content\/uploads\/2026\/02\/conay-300x215.jpg 300w, http:\/\/www.sonria.cl\/sitio\/wp-content\/uploads\/2026\/02\/conay-1024x733.jpg 1024w, http:\/\/www.sonria.cl\/sitio\/wp-content\/uploads\/2026\/02\/conay-1536x1100.jpg 1536w\" sizes=\"auto, (max-width: 1920px) 100vw, 1920px\" \/><\/figure>\n\n\n\n<p><strong>Fotograf\u00eda:<\/strong> Raiza Vera Ugas, utilizada para gr\u00e1fica promocional de banda de rock Porte\u00f1o Aniceto.<\/p>\n","protected":false},"excerpt":{"rendered":"<p>Fotograf\u00eda: Raiza Vera Ugas, utilizada para gr\u00e1fica promocional de banda de rock Porte\u00f1o Aniceto.<\/p>\n","protected":false},"author":1,"featured_media":5579,"comment_status":"closed","ping_status":"closed","sticky":false,"template":"","format":"standard","meta":{"cybocfi_hide_featured_image":"","footnotes":""},"categories":[4,58],"tags":[132,46,47],"class_list":["post-5578","post","type-post","status-publish","format-standard","has-post-thumbnail","hentry","category-fotografia","category-personal","tag-fotografia","tag-raiza-vera-ugas-2","tag-sonria-comunicacion-visual"],"_links":{"self":[{"href":"http:\/\/www.sonria.cl\/sitio\/wp-json\/wp\/v2\/posts\/5578","targetHints":{"allow":["GET"]}}],"collection":[{"href":"http:\/\/www.sonria.cl\/sitio\/wp-json\/wp\/v2\/posts"}],"about":[{"href":"http:\/\/www.sonria.cl\/sitio\/wp-json\/wp\/v2\/types\/post"}],"author":[{"embeddable":true,"href":"http:\/\/www.sonria.cl\/sitio\/wp-json\/wp\/v2\/users\/1"}],"replies":[{"embeddable":true,"href":"http:\/\/www.sonria.cl\/sitio\/wp-json\/wp\/v2\/comments?post=5578"}],"version-history":[{"count":3,"href":"http:\/\/www.sonria.cl\/sitio\/wp-json\/wp\/v2\/posts\/5578\/revisions"}],"predecessor-version":[{"id":5582,"href":"http:\/\/www.sonria.cl\/sitio\/wp-json\/wp\/v2\/posts\/5578\/revisions\/5582"}],"wp:featuredmedia":[{"embeddable":true,"href":"http:\/\/www.sonria.cl\/sitio\/wp-json\/wp\/v2\/media\/5579"}],"wp:attachment":[{"href":"http:\/\/www.sonria.cl\/sitio\/wp-json\/wp\/v2\/media?parent=5578"}],"wp:term":[{"taxonomy":"category","embeddable":true,"href":"http:\/\/www.sonria.cl\/sitio\/wp-json\/wp\/v2\/categories?post=5578"},{"taxonomy":"post_tag","embeddable":true,"href":"http:\/\/www.sonria.cl\/sitio\/wp-json\/wp\/v2\/tags?post=5578"}],"curies":[{"name":"wp","href":"https:\/\/api.w.org\/{rel}","templated":true}]}}